{"id":423,"date":"2018-09-19T08:50:16","date_gmt":"2018-09-19T08:50:16","guid":{"rendered":"http:\/\/www.compagnietisserin.be\/nl\/?p=423"},"modified":"2018-09-19T09:45:09","modified_gmt":"2018-09-19T09:45:09","slug":"living-room-concert-rasson-zouratie-kone-ensemble-duo","status":"publish","type":"post","link":"https:\/\/www.compagnietisserin.be\/nl\/news\/living-room-concert-rasson-zouratie-kone-ensemble-duo\/","title":{"rendered":"Living Room Concert @ Rasson &#8211; Zourati\u00e9 Kon\u00e9 Ensemble Duo"},"content":{"rendered":"<div data-offset-key=\"dbs3t-0-0\"><\/div>\n<div data-offset-key=\"dbs3t-0-0\"><strong>Zondag 21 oktober 2018<br \/>\n<\/strong>in ons loft-appartement in\u00a0Schaarbeek, Rassonstraat 47<\/div>\n<div data-offset-key=\"dbs3t-0-0\"><\/div>\n<div data-block=\"true\" data-editor=\"1l62t\" data-offset-key=\"dbs3t-0-0\">\n<div data-offset-key=\"dbs3t-0-0\">We beginnen het nieuwe seizoen @ Rasson met gasten om u tegen te zeggen: het Zourati\u00e9 Kon\u00e9 ensemble in duo formule. Zourati\u00e9 Kon\u00e9 is een meesterpercussionist uit de traditie van Griots. Aan zijn zijde: Toine Thys, een bekend figuur op de Brusselse Jazz sc\u00e8ne. Zourati\u00e9 Kon\u00e9 transformeert en arrangeert eeuwenoude ritmes en melodie\u00ebn voor een mix van traditionele als moderne instrumenten. Het resultaat: heerlijke muziek, ongedwongen, energiek en vol levensvreugde.<\/div>\n<\/div>\n<div data-block=\"true\" data-editor=\"1l62t\" data-offset-key=\"3asjl-0-0\">\n<div data-offset-key=\"3asjl-0-0\"><span data-offset-key=\"3asjl-0-0\">\u00a0<\/span><\/div>\n<\/div>\n<div data-block=\"true\" data-editor=\"1l62t\" data-offset-key=\"2lmj3-0-0\">\n<div data-offset-key=\"2lmj3-0-0\"><span data-offset-key=\"2lmj3-0-0\">Youtube channel:\u00a0<\/span><\/div>\n<div data-offset-key=\"2lmj3-0-0\"><a href=\"https:\/\/www.youtube.com\/channel\/UCP7WnA5KgC6fAplGzDTenkw\">https:\/\/www.youtube.com\/channel\/UCP7WnA5KgC6fAplGzDTenkw<\/a><\/div>\n<\/div>\n<div data-block=\"true\" data-editor=\"1l62t\" data-offset-key=\"eoh6q-0-0\">\n<div data-offset-key=\"eoh6q-0-0\"><span data-offset-key=\"eoh6q-0-0\">\u00a0<\/span><\/div>\n<\/div>\n<div data-block=\"true\" data-editor=\"1l62t\" data-offset-key=\"mbco-0-0\">\n<div data-offset-key=\"mbco-0-0\">\n<div data-block=\"true\" data-editor=\"1l62t\" data-offset-key=\"462uu-0-0\">\n<div data-offset-key=\"462uu-0-0\"><span data-offset-key=\"462uu-0-0\">Deuren open: 16:00 &#8211; Concert : 16:30<\/span><\/div>\n<\/div>\n<div data-block=\"true\" data-editor=\"1l62t\" data-offset-key=\"d8e4r-0-0\">\n<div data-offset-key=\"d8e4r-0-0\"><span data-offset-key=\"d8e4r-0-0\">8 euro<\/span><\/div>\n<\/div>\n<div data-block=\"true\" data-editor=\"1l62t\" data-offset-key=\"f1d7t-0-0\">\n<div data-offset-key=\"f1d7t-0-0\"><span data-offset-key=\"f1d7t-0-0\">kinderen -12: gratis<\/span><\/div>\n<\/div>\n<\/div>\n<\/div>\n<div data-offset-key=\"5itn-0-0\"><\/div>\n<div data-offset-key=\"5itn-0-0\">Onze living is groot, maar alles kent zijn limiet, gelieve te reserveren aub!<br \/>\n<a href=\"https:\/\/www.eventleaf.com\/livingroomconcertrasson-zouriatiekone\" target=\"_blank\" rel=\"nofollow noopener\" data-lynx-mode=\"hover\" data-lynx-uri=\"https:\/\/l.facebook.com\/l.php?u=https%3A%2F%2Fwww.eventleaf.com%2Flivingroomconcertrasson-zouriatiekone&amp;h=AT1bE8kzfrNfzt4PCQ_W64RRMFJfpF63srxVwBJ3qCKV6I9zIEDhBDM6ffMBNc1nompeESxKcva97qDiILp_37HShUBJxdeB4BRtgEV4jGymC-1aTkP045XzJNL0znFY0an6hn66YFKRkL8TJKDlb14\">https:\/\/www.eventleaf.com\/livingroomconcertrasson-zouriatiekone<\/a><\/div>\n<p><iframe loading=\"lazy\" src=\"https:\/\/www.youtube.com\/embed\/qCBW9RuahFk\" width=\"560\" height=\"315\" frameborder=\"0\" allowfullscreen=\"allowfullscreen\" data-mce-fragment=\"1\"><\/iframe><\/p>\n","protected":false},"excerpt":{"rendered":"<p>Zondag 21 oktober 2018 in ons loft-appartement in\u00a0Schaarbeek, Rassonstraat 47 We beginnen het nieuwe seizoen @ Rasson met gasten om u tegen te zeggen: het Zourati\u00e9 Kon\u00e9 ensemble in duo formule. Zourati\u00e9 Kon\u00e9 is een meesterpercussionist uit de traditie van Griots. Aan zijn zijde: Toine Thys, een bekend figuur op de Brusselse Jazz sc\u00e8ne. Zourati\u00e9 &hellip; <\/p>\n<p class=\"link-more\"><a href=\"https:\/\/www.compagnietisserin.be\/nl\/news\/living-room-concert-rasson-zouratie-kone-ensemble-duo\/\" class=\"more-link\">Lees meer<span class=\"screen-reader-text\"> &#8220;Living Room Concert @ Rasson &#8211; Zourati\u00e9 Kon\u00e9 Ensemble Duo&#8221;<\/span><\/a><\/p>\n","protected":false},"author":1,"featured_media":421,"comment_status":"open","ping_status":"open","sticky":false,"template":"","format":"standard","meta":{"footnotes":""},"categories":[11,12,6],"tags":[],"class_list":["post-423","post","type-post","status-publish","format-standard","has-post-thumbnail","hentry","category-concert-rasson","category-events-nl","category-news"],"_links":{"self":[{"href":"https:\/\/www.compagnietisserin.be\/nl\/wp-json\/wp\/v2\/posts\/423","targetHints":{"allow":["GET"]}}],"collection":[{"href":"https:\/\/www.compagnietisserin.be\/nl\/wp-json\/wp\/v2\/posts"}],"about":[{"href":"https:\/\/www.compagnietisserin.be\/nl\/wp-json\/wp\/v2\/types\/post"}],"author":[{"embeddable":true,"href":"https:\/\/www.compagnietisserin.be\/nl\/wp-json\/wp\/v2\/users\/1"}],"replies":[{"embeddable":true,"href":"https:\/\/www.compagnietisserin.be\/nl\/wp-json\/wp\/v2\/comments?post=423"}],"version-history":[{"count":3,"href":"https:\/\/www.compagnietisserin.be\/nl\/wp-json\/wp\/v2\/posts\/423\/revisions"}],"predecessor-version":[{"id":433,"href":"https:\/\/www.compagnietisserin.be\/nl\/wp-json\/wp\/v2\/posts\/423\/revisions\/433"}],"wp:featuredmedia":[{"embeddable":true,"href":"https:\/\/www.compagnietisserin.be\/nl\/wp-json\/wp\/v2\/media\/421"}],"wp:attachment":[{"href":"https:\/\/www.compagnietisserin.be\/nl\/wp-json\/wp\/v2\/media?parent=423"}],"wp:term":[{"taxonomy":"category","embeddable":true,"href":"https:\/\/www.compagnietisserin.be\/nl\/wp-json\/wp\/v2\/categories?post=423"},{"taxonomy":"post_tag","embeddable":true,"href":"https:\/\/www.compagnietisserin.be\/nl\/wp-json\/wp\/v2\/tags?post=423"}],"curies":[{"name":"wp","href":"https:\/\/api.w.org\/{rel}","templated":true}]}}