{"id":1155,"date":"2021-03-13T13:11:34","date_gmt":"2021-03-13T13:11:34","guid":{"rendered":"http:\/\/www.compagnietisserin.be\/?p=1155"},"modified":"2021-03-13T13:11:34","modified_gmt":"2021-03-13T13:11:34","slug":"residentie-in-theatre-marni","status":"publish","type":"post","link":"https:\/\/www.compagnietisserin.be\/nl\/theatre-nl\/residentie-in-theatre-marni\/","title":{"rendered":"Residentie in Th\u00e9atre Marni"},"content":{"rendered":"<p>Van 14 tot 25 september waren we in residentie in het Marni Theater in Elsene. Wat een geweldig avontuur, wat een geweldig team, wat een genereuze ontvangst door de super equipe van het Marni Theater!<\/p>\n<p>10 dagen artistiek onderzoek, waarvan 3 met een koor van burgers, een zeer diverse groep van boeiende mensen : Abdoul, Iago, Jacqueline, Kris, Tatiana en Val\u00e9rie. De twee acteurs, St\u00e9phane Brodzki en Laurent van der Rest, werkten met hen aan verschillende facetten van &#8220;bewegen in groep&#8221;, en we selecteerden enkele sc\u00e8nes uit het stuk om de bijdrage van hun aanwezigheid te onderzoeken.<\/p>\n<p>Stien regisseerde en cre\u00eberde ook een geluidsmontage, gebaseerd op de originele soundtrack van Fr\u00e9d\u00e9ric Vercheval, interviews met koorleden en andere burgers. Dit koor evolueert per definitie: op elke plaats waar we spelen, zal de samenstelling van het koor gedeeltelijk veranderen en zullen we de stemmen en beelden van lokale burgers integreren. Zo willen we een &#8216;oneindige cirkel&#8217; van burgers uitnodigen voor een gesprek over de hoofdthema&#8217;s van het stuk.<\/p>\n<p>Deze residentie stelde ons ook in staat om aan de scenografie te werken met Saoud Mama, kunstenaar en scenograaf. Door zijn inventiviteit, creativiteit en gevoeligheid hebben we veel dingen kunnen doen met weinig geld. De goochelaar-technicus Dries Van de Velde zette ons met kunde in de schijnwerpers.<\/p>\n<p>Nadat we de residentie hadden verlaten, kregen we zeer constructieve en bemoedigende feedback van een welwillend publiek. Een van de reacties:<\/p>\n<p><em>Ik waardeerde de aanwezigheid van het koor enorm. Het contrast tussen hen en het spel van de acteurs raakte me erg en de flarden verhalen, de woorden die zich vermengen in de soundtrack deden me een glimp opvangen van hun levens, twijfel, moed &#8230; Mijn blik is gericht op hun aanwezigheid, meer dan hun levenspad. (Virginie Roy, Marni Theater)<\/em><\/p>\n<p>In februari 2021 zijn we in residentie in Maison des Cultures\/Huis der Culturen in Sint-Gillis, in april 2021 is het CC de Jette die ons in residentie verwelkomt.<\/p>\n<p><img loading=\"lazy\" decoding=\"async\" class=\" wp-image-1109 alignleft\" src=\"http:\/\/www.compagnietisserin.be\/wp-content\/uploads\/2020\/09\/76472464-2853-4EB7-909A-7942EFF5305D-768x1024.jpg\" alt=\"\" width=\"271\" height=\"653\" \/> <img loading=\"lazy\" decoding=\"async\" class=\"alignleft wp-image-1112\" src=\"http:\/\/www.compagnietisserin.be\/wp-content\/uploads\/2020\/09\/8B9E8109-0ACB-4130-BB8D-9AB4C2033F55-1024x1024.jpg\" alt=\"\" width=\"276\" height=\"463\" \/> <img loading=\"lazy\" decoding=\"async\" class=\"wp-image-1115 alignleft\" src=\"http:\/\/www.compagnietisserin.be\/wp-content\/uploads\/2020\/09\/7D7C9E72-512C-4AE1-BDF0-53DD80DE564F-768x1024.jpg\" alt=\"\" width=\"277\" height=\"366\" \/><\/p>\n<p><img loading=\"lazy\" decoding=\"async\" class=\"alignleft size-large wp-image-1106\" src=\"http:\/\/www.compagnietisserin.be\/wp-content\/uploads\/2020\/09\/Invitation-Silence-Complice-2-0-Sortie-de-Re\u0301sidence-The\u0301a\u0302tre-Marni-Cie-Tisserin-724x1024.jpg\" alt=\"\" width=\"640\" height=\"905\" srcset=\"https:\/\/www.compagnietisserin.be\/wp-content\/uploads\/2020\/09\/Invitation-Silence-Complice-2-0-Sortie-de-Re\u0301sidence-The\u0301a\u0302tre-Marni-Cie-Tisserin-724x1024.jpg 724w, https:\/\/www.compagnietisserin.be\/wp-content\/uploads\/2020\/09\/Invitation-Silence-Complice-2-0-Sortie-de-Re\u0301sidence-The\u0301a\u0302tre-Marni-Cie-Tisserin-212x300.jpg 212w, https:\/\/www.compagnietisserin.be\/wp-content\/uploads\/2020\/09\/Invitation-Silence-Complice-2-0-Sortie-de-Re\u0301sidence-The\u0301a\u0302tre-Marni-Cie-Tisserin-768x1087.jpg 768w, https:\/\/www.compagnietisserin.be\/wp-content\/uploads\/2020\/09\/Invitation-Silence-Complice-2-0-Sortie-de-Re\u0301sidence-The\u0301a\u0302tre-Marni-Cie-Tisserin-1086x1536.jpg 1086w, https:\/\/www.compagnietisserin.be\/wp-content\/uploads\/2020\/09\/Invitation-Silence-Complice-2-0-Sortie-de-Re\u0301sidence-The\u0301a\u0302tre-Marni-Cie-Tisserin-1447x2048.jpg 1447w, https:\/\/www.compagnietisserin.be\/wp-content\/uploads\/2020\/09\/Invitation-Silence-Complice-2-0-Sortie-de-Re\u0301sidence-The\u0301a\u0302tre-Marni-Cie-Tisserin.jpg 1653w\" sizes=\"auto, (max-width: 640px) 100vw, 640px\" \/><\/p>\n<p>&nbsp;<\/p>\n<p>&nbsp;<\/p>\n","protected":false},"excerpt":{"rendered":"<p>Van 14 tot 25 september waren we in residentie in het Marni Theater in Elsene. Wat een geweldig avontuur, wat een geweldig team, wat een genereuze ontvangst door de super equipe van het Marni Theater! 10 dagen artistiek onderzoek, waarvan 3 met een koor van burgers, een zeer diverse groep van boeiende mensen : Abdoul, &hellip; <\/p>\n<p class=\"link-more\"><a href=\"https:\/\/www.compagnietisserin.be\/nl\/theatre-nl\/residentie-in-theatre-marni\/\" class=\"more-link\">Lees meer<span class=\"screen-reader-text\"> &#8220;Residentie in Th\u00e9atre Marni&#8221;<\/span><\/a><\/p>\n","protected":false},"author":1,"featured_media":1130,"comment_status":"open","ping_status":"open","sticky":false,"template":"","format":"standard","meta":{"footnotes":""},"categories":[15],"tags":[],"class_list":["post-1155","post","type-post","status-publish","format-standard","has-post-thumbnail","hentry","category-theatre-nl"],"_links":{"self":[{"href":"https:\/\/www.compagnietisserin.be\/nl\/wp-json\/wp\/v2\/posts\/1155","targetHints":{"allow":["GET"]}}],"collection":[{"href":"https:\/\/www.compagnietisserin.be\/nl\/wp-json\/wp\/v2\/posts"}],"about":[{"href":"https:\/\/www.compagnietisserin.be\/nl\/wp-json\/wp\/v2\/types\/post"}],"author":[{"embeddable":true,"href":"https:\/\/www.compagnietisserin.be\/nl\/wp-json\/wp\/v2\/users\/1"}],"replies":[{"embeddable":true,"href":"https:\/\/www.compagnietisserin.be\/nl\/wp-json\/wp\/v2\/comments?post=1155"}],"version-history":[{"count":2,"href":"https:\/\/www.compagnietisserin.be\/nl\/wp-json\/wp\/v2\/posts\/1155\/revisions"}],"predecessor-version":[{"id":1157,"href":"https:\/\/www.compagnietisserin.be\/nl\/wp-json\/wp\/v2\/posts\/1155\/revisions\/1157"}],"wp:featuredmedia":[{"embeddable":true,"href":"https:\/\/www.compagnietisserin.be\/nl\/wp-json\/wp\/v2\/media\/1130"}],"wp:attachment":[{"href":"https:\/\/www.compagnietisserin.be\/nl\/wp-json\/wp\/v2\/media?parent=1155"}],"wp:term":[{"taxonomy":"category","embeddable":true,"href":"https:\/\/www.compagnietisserin.be\/nl\/wp-json\/wp\/v2\/categories?post=1155"},{"taxonomy":"post_tag","embeddable":true,"href":"https:\/\/www.compagnietisserin.be\/nl\/wp-json\/wp\/v2\/tags?post=1155"}],"curies":[{"name":"wp","href":"https:\/\/api.w.org\/{rel}","templated":true}]}}